{"id":2525,"date":"2019-08-25T15:59:08","date_gmt":"2019-08-25T13:59:08","guid":{"rendered":"https:\/\/www.aesthetica.rs\/blog\/?p=335"},"modified":"2023-04-12T16:29:37","modified_gmt":"2023-04-12T14:29:37","slug":"biohidratacija-ne-propustite-ovaj-tretman-nakon-suncanja","status":"publish","type":"post","link":"https:\/\/www.aesthetica.rs\/bg\/blog\/biohidratacija-ne-propustite-ovaj-tretman-nakon-suncanja\/","title":{"rendered":"BIOHIDRATACIJA: Ne propustite ovaj tretman nakon sun\u010danja"},"content":{"rendered":"<p>Period sun\u010danja uveliko traje, a gotovo da nema nikoga ko ne voli da makar u letnjoj sezoni njegova ko\u017ea dobije bronzani ten. Gotovo neprijatno se ose\u0107amo kada se \u201enepripremljeni\u201c i svetlog tena pojavimo na pla\u017ei ili bazenu.<\/p>\n<p>\u010cesto pribegavamo i odlasku u solarijum koji dodatno \u0161teti na\u0161oj ko\u017ei i postaruje je.<\/p>\n<p>Ako i odlu\u010dimo da se ne\u0107emo posebno sun\u010dati, svaki izlazak na ulicu, odlazak na posao, izla\u017ee na\u0161u ko\u017eu sun\u010devim zracima.<\/p>\n<p>\u010cini se da u toku leta ne mo\u017eemo na\u0161u ko\u017eu u potpunosti za\u0161titi od \u201eisu\u0161ivanja\u201c.<\/p>\n<p>I ba\u0161 kao \u0161to \u017ee\u0111 koju ose\u0107amo iznutra utolimo unosom vode i ne smemo da zaboravljamo na njenu konzumaciju, tako je i na\u0161u ko\u017eu neophodno hidrirati kako se posledice stresa kojem je izlo\u017eena ne bi ubrzo pokazale na njoj.<\/p>\n<p>Savremeno i efikasno re\u0161enje postoji, a odli\u010dno je kako za negu ko\u017ee nakon ekstremnih vremenskih uslova, tako i za njenu dodatnu revitalizaciju nakon pojedinih estetskih tretmana. Najmoderniji postupak, koji u sebi krije najstariju tajnu mladosti i sve\u017eine, naziva se <strong>biohidratacija<\/strong>.<\/p>\n<p><strong>\u0160ta je biohidratacija?<\/strong><\/p>\n<p>Biohidratacija je tretman koji revitalizuje ko\u017eu, pobolj\u0161ava njenu teksturu i \u010dini je bar\u0161unastom. Odli\u010dna je kao zaseban tretman, posebno nakon stresa \u2013 sun\u010danja, napornog perioda na poslu, izlaganja vetru, niskim ili visokim temperaturama. Mo\u017ee da pospe\u0161i i efekte drugih drugih tretmana \u2013 laserskog i hemijskog pilinga, laserskog podmla\u0111ivanja, dermoabrazije, radiotalasa, filera, botoksa.<\/p>\n<p><img fetchpriority=\"high\" decoding=\"async\" class=\"size-large wp-image-337\" src=\"https:\/\/aesthetica.joomswers.com\/wp-content\/uploads\/2019\/08\/tekst1-1024x725.jpg\" alt=\"\" width=\"1024\" height=\"725\" \/><\/p>\n<p><strong>Kome se preporu\u010duje biohidratacija?<\/strong><\/p>\n<p>Svim osobama koje su izlagale ko\u017eu sun\u010devim zracima (bilo leti ili zimi), kao i visokim ili niskim temperaturama. Tako\u0111e, i svima onima koji \u017eele da pobolj\u0161aju hidrataciju ko\u017ee, kao i osobama sa suvom ko\u017eom, jer efikasno elimini\u0161e perutanje i ose\u0107aj zatezanja. Mo\u017ee se, uz laser, koristiti i za zatezanje unutra\u0161nje strane butina i smanjivanje vidljivosti strija.<\/p>\n<p><strong>Koje se regije njome mogu tretirati?<\/strong><\/p>\n<p>Lice, vrat, dekolte, podlaktice, nadlanice, stomak, kolena, unutra\u0161nji deo butina.<\/p>\n<p><strong>Kako se izvodi tretman i koliko dugo traje?<\/strong><\/p>\n<p>Nakon nano\u0161enja lokalnog anestetika u obliku kreme, injekcioni rastvor se aplikuje u ko\u017eu \u017eeljene regije. \u010citav tretman traje oko 30 min.<\/p>\n<p><strong>Koliko tretmana je neophodno?<\/strong><\/p>\n<p>Najbolji efekti posti\u017eu se sa tri vezana tretmana, na tri nedelje. Ali se biohidratacija mo\u017ee uraditi i jednom \u2013 uo\u010di neke posebne prilike, ili u sklopu redovne nege.<\/p>\n<p><strong>\u00a0<\/strong><strong>Da li je nakon tretmana potrebna posebna dodatna nega?<\/strong><\/p>\n<p>Istog dana, nakon tretmana, neophodno je ne\u017eno o\u010distiti ko\u017eu (bez energi\u010dnog trljanja) i ne nanositi \u0161minku na lice do narednog dana.<\/p>\n<p>Biohidratacija je dostupna i u Ni\u0161u, u modernom <a href=\"mailto:www.aesthetica.rs\">Longa Vita Aesthetica<\/a> centru. Na va\u0161em mestu za negu i opu\u0161tanje, u mirnom delu grada, gde svojoj ko\u017ei i sebi mo\u017eete priu\u0161titi potpunu revitalizaciju.<\/p>\n<p>Zaka\u017eite besplatne konsultacije na 069 11 22 359, ili na <a href=\"mailto:office@aesthetica.rs\">office@aesthetica.rs<\/a> i nastavite da u\u017eivate u letu.<\/p>\n<p>&nbsp;<\/p>\n<p>&nbsp;<\/p>\n<p>&nbsp;<\/p>","protected":false},"excerpt":{"rendered":"<p>Period sun\u010danja uveliko traje, a gotovo da nema nikoga ko ne voli da makar u letnjoj sezoni njegova ko\u017ea dobije bronzani ten. Gotovo neprijatno se ose\u0107amo kada se \u201enepripremljeni\u201c i svetlog tena pojavimo na pla\u017ei ili bazenu. \u010cesto pribegavamo i odlasku u solarijum koji dodatno \u0161teti na\u0161oj ko\u017ei i postaruje je. Ako i odlu\u010dimo da [&hellip;]<\/p>\n","protected":false},"author":2,"featured_media":2271,"comment_status":"open","ping_status":"open","sticky":false,"template":"","format":"standard","meta":{"footnotes":""},"categories":[19,150],"tags":[],"class_list":["post-2525","post","type-post","status-publish","format-standard","has-post-thumbnail","hentry","category-anti-age","category-blog"],"yoast_head":"<!-- This site is optimized with the Yoast SEO plugin v27.5 - https:\/\/yoast.com\/product\/yoast-seo-wordpress\/ -->\n<title>BIOHIDRATACIJA: Ne propustite ovaj tretman nakon sun\u010danja - Aesthetica LongaVita - Anti Aging Centar za estetsku medicinu u Ni\u0161u<\/title>\n<meta name=\"robots\" content=\"index, follow, max-snippet:-1, max-image-preview:large, max-video-preview:-1\" \/>\n<link rel=\"canonical\" href=\"https:\/\/www.aesthetica.rs\/bg\/blog\/biohidratacija-ne-propustite-ovaj-tretman-nakon-suncanja\/\" \/>\n<meta property=\"og:locale\" content=\"bg_BG\" \/>\n<meta property=\"og:type\" content=\"article\" \/>\n<meta property=\"og:title\" content=\"BIOHIDRATACIJA: Ne propustite ovaj tretman nakon sun\u010danja - Aesthetica LongaVita - Anti Aging Centar za estetsku medicinu u Ni\u0161u\" \/>\n<meta property=\"og:description\" content=\"Period sun\u010danja uveliko traje, a gotovo da nema nikoga ko ne voli da makar u letnjoj sezoni njegova ko\u017ea dobije bronzani ten. Gotovo neprijatno se ose\u0107amo kada se \u201enepripremljeni\u201c i svetlog tena pojavimo na pla\u017ei ili bazenu. \u010cesto pribegavamo i odlasku u solarijum koji dodatno \u0161teti na\u0161oj ko\u017ei i postaruje je. Ako i odlu\u010dimo da [&hellip;]\" \/>\n<meta property=\"og:url\" content=\"https:\/\/www.aesthetica.rs\/bg\/blog\/biohidratacija-ne-propustite-ovaj-tretman-nakon-suncanja\/\" \/>\n<meta property=\"og:site_name\" content=\"Aesthetica LongaVita - Anti Aging Centar za estetsku medicinu u Ni\u0161u\" \/>\n<meta property=\"article:published_time\" content=\"2019-08-25T13:59:08+00:00\" \/>\n<meta property=\"article:modified_time\" content=\"2023-04-12T14:29:37+00:00\" \/>\n<meta property=\"og:image\" content=\"https:\/\/www.aesthetica.rs\/wp-content\/uploads\/2019\/08\/naslovna.jpg\" \/>\n\t<meta property=\"og:image:width\" content=\"2500\" \/>\n\t<meta property=\"og:image:height\" content=\"1737\" \/>\n\t<meta property=\"og:image:type\" content=\"image\/jpeg\" \/>\n<meta name=\"author\" content=\"aesthetica\" \/>\n<meta name=\"twitter:card\" content=\"summary_large_image\" \/>\n<meta name=\"twitter:label1\" content=\"Written by\" \/>\n\t<meta name=\"twitter:data1\" content=\"aesthetica\" \/>\n\t<meta name=\"twitter:label2\" content=\"Est. reading time\" \/>\n\t<meta name=\"twitter:data2\" content=\"2 \u043c\u0438\u043d\u0443\u0442\u0438\" \/>\n<script type=\"application\/ld+json\" class=\"yoast-schema-graph\">{\"@context\":\"https:\\\/\\\/schema.org\",\"@graph\":[{\"@type\":\"Article\",\"@id\":\"https:\\\/\\\/www.aesthetica.rs\\\/bg\\\/blog\\\/biohidratacija-ne-propustite-ovaj-tretman-nakon-suncanja\\\/#article\",\"isPartOf\":{\"@id\":\"https:\\\/\\\/www.aesthetica.rs\\\/bg\\\/blog\\\/biohidratacija-ne-propustite-ovaj-tretman-nakon-suncanja\\\/\"},\"author\":{\"name\":\"aesthetica\",\"@id\":\"https:\\\/\\\/www.aesthetica.rs\\\/#\\\/schema\\\/person\\\/8d07706c4879addb757c40ba262529d2\"},\"headline\":\"BIOHIDRATACIJA: Ne propustite ovaj tretman nakon sun\u010danja\",\"datePublished\":\"2019-08-25T13:59:08+00:00\",\"dateModified\":\"2023-04-12T14:29:37+00:00\",\"mainEntityOfPage\":{\"@id\":\"https:\\\/\\\/www.aesthetica.rs\\\/bg\\\/blog\\\/biohidratacija-ne-propustite-ovaj-tretman-nakon-suncanja\\\/\"},\"wordCount\":504,\"commentCount\":0,\"image\":{\"@id\":\"https:\\\/\\\/www.aesthetica.rs\\\/bg\\\/blog\\\/biohidratacija-ne-propustite-ovaj-tretman-nakon-suncanja\\\/#primaryimage\"},\"thumbnailUrl\":\"https:\\\/\\\/www.aesthetica.rs\\\/wp-content\\\/uploads\\\/2019\\\/08\\\/naslovna.jpg\",\"articleSection\":[\"Anti Age\",\"Blog\"],\"inLanguage\":\"bg-BG\",\"potentialAction\":[{\"@type\":\"CommentAction\",\"name\":\"Comment\",\"target\":[\"https:\\\/\\\/www.aesthetica.rs\\\/bg\\\/blog\\\/biohidratacija-ne-propustite-ovaj-tretman-nakon-suncanja\\\/#respond\"]}]},{\"@type\":\"WebPage\",\"@id\":\"https:\\\/\\\/www.aesthetica.rs\\\/bg\\\/blog\\\/biohidratacija-ne-propustite-ovaj-tretman-nakon-suncanja\\\/\",\"url\":\"https:\\\/\\\/www.aesthetica.rs\\\/bg\\\/blog\\\/biohidratacija-ne-propustite-ovaj-tretman-nakon-suncanja\\\/\",\"name\":\"BIOHIDRATACIJA: Ne propustite ovaj tretman nakon sun\u010danja - Aesthetica LongaVita - Anti Aging Centar za estetsku medicinu u Ni\u0161u\",\"isPartOf\":{\"@id\":\"https:\\\/\\\/www.aesthetica.rs\\\/#website\"},\"primaryImageOfPage\":{\"@id\":\"https:\\\/\\\/www.aesthetica.rs\\\/bg\\\/blog\\\/biohidratacija-ne-propustite-ovaj-tretman-nakon-suncanja\\\/#primaryimage\"},\"image\":{\"@id\":\"https:\\\/\\\/www.aesthetica.rs\\\/bg\\\/blog\\\/biohidratacija-ne-propustite-ovaj-tretman-nakon-suncanja\\\/#primaryimage\"},\"thumbnailUrl\":\"https:\\\/\\\/www.aesthetica.rs\\\/wp-content\\\/uploads\\\/2019\\\/08\\\/naslovna.jpg\",\"datePublished\":\"2019-08-25T13:59:08+00:00\",\"dateModified\":\"2023-04-12T14:29:37+00:00\",\"author\":{\"@id\":\"https:\\\/\\\/www.aesthetica.rs\\\/#\\\/schema\\\/person\\\/8d07706c4879addb757c40ba262529d2\"},\"breadcrumb\":{\"@id\":\"https:\\\/\\\/www.aesthetica.rs\\\/bg\\\/blog\\\/biohidratacija-ne-propustite-ovaj-tretman-nakon-suncanja\\\/#breadcrumb\"},\"inLanguage\":\"bg-BG\",\"potentialAction\":[{\"@type\":\"ReadAction\",\"target\":[\"https:\\\/\\\/www.aesthetica.rs\\\/bg\\\/blog\\\/biohidratacija-ne-propustite-ovaj-tretman-nakon-suncanja\\\/\"]}]},{\"@type\":\"ImageObject\",\"inLanguage\":\"bg-BG\",\"@id\":\"https:\\\/\\\/www.aesthetica.rs\\\/bg\\\/blog\\\/biohidratacija-ne-propustite-ovaj-tretman-nakon-suncanja\\\/#primaryimage\",\"url\":\"https:\\\/\\\/www.aesthetica.rs\\\/wp-content\\\/uploads\\\/2019\\\/08\\\/naslovna.jpg\",\"contentUrl\":\"https:\\\/\\\/www.aesthetica.rs\\\/wp-content\\\/uploads\\\/2019\\\/08\\\/naslovna.jpg\",\"width\":2500,\"height\":1737},{\"@type\":\"BreadcrumbList\",\"@id\":\"https:\\\/\\\/www.aesthetica.rs\\\/bg\\\/blog\\\/biohidratacija-ne-propustite-ovaj-tretman-nakon-suncanja\\\/#breadcrumb\",\"itemListElement\":[{\"@type\":\"ListItem\",\"position\":1,\"name\":\"\u041f\u043e\u0447\u0435\u0442\u043d\u0430\",\"item\":\"https:\\\/\\\/www.aesthetica.rs\\\/\"},{\"@type\":\"ListItem\",\"position\":2,\"name\":\"BIOHIDRATACIJA: Ne propustite ovaj tretman nakon sun\u010danja\"}]},{\"@type\":\"WebSite\",\"@id\":\"https:\\\/\\\/www.aesthetica.rs\\\/#website\",\"url\":\"https:\\\/\\\/www.aesthetica.rs\\\/\",\"name\":\"Anti Aging Centar: estetska medicinu u Ni\u0161u - Aesthetica LongaVita\",\"description\":\"\",\"potentialAction\":[{\"@type\":\"SearchAction\",\"target\":{\"@type\":\"EntryPoint\",\"urlTemplate\":\"https:\\\/\\\/www.aesthetica.rs\\\/?s={search_term_string}\"},\"query-input\":{\"@type\":\"PropertyValueSpecification\",\"valueRequired\":true,\"valueName\":\"search_term_string\"}}],\"inLanguage\":\"bg-BG\"},{\"@type\":\"Person\",\"@id\":\"https:\\\/\\\/www.aesthetica.rs\\\/#\\\/schema\\\/person\\\/8d07706c4879addb757c40ba262529d2\",\"name\":\"aesthetica\",\"image\":{\"@type\":\"ImageObject\",\"inLanguage\":\"bg-BG\",\"@id\":\"https:\\\/\\\/secure.gravatar.com\\\/avatar\\\/?s=96&d=mm&r=g\",\"url\":\"https:\\\/\\\/secure.gravatar.com\\\/avatar\\\/?s=96&d=mm&r=g\",\"contentUrl\":\"https:\\\/\\\/secure.gravatar.com\\\/avatar\\\/?s=96&d=mm&r=g\",\"caption\":\"aesthetica\"},\"url\":\"https:\\\/\\\/www.aesthetica.rs\\\/bg\\\/blog\\\/author\\\/aesthetica\\\/\"}]}<\/script>\n<!-- \/ Yoast SEO plugin. -->","yoast_head_json":{"title":"BIOHIDRATACIJA: Ne propustite ovaj tretman nakon sun\u010danja - Aesthetica LongaVita - Anti Aging Centar za estetsku medicinu u Ni\u0161u","robots":{"index":"index","follow":"follow","max-snippet":"max-snippet:-1","max-image-preview":"max-image-preview:large","max-video-preview":"max-video-preview:-1"},"canonical":"https:\/\/www.aesthetica.rs\/bg\/blog\/biohidratacija-ne-propustite-ovaj-tretman-nakon-suncanja\/","og_locale":"bg_BG","og_type":"article","og_title":"BIOHIDRATACIJA: Ne propustite ovaj tretman nakon sun\u010danja - Aesthetica LongaVita - Anti Aging Centar za estetsku medicinu u Ni\u0161u","og_description":"Period sun\u010danja uveliko traje, a gotovo da nema nikoga ko ne voli da makar u letnjoj sezoni njegova ko\u017ea dobije bronzani ten. Gotovo neprijatno se ose\u0107amo kada se \u201enepripremljeni\u201c i svetlog tena pojavimo na pla\u017ei ili bazenu. \u010cesto pribegavamo i odlasku u solarijum koji dodatno \u0161teti na\u0161oj ko\u017ei i postaruje je. Ako i odlu\u010dimo da [&hellip;]","og_url":"https:\/\/www.aesthetica.rs\/bg\/blog\/biohidratacija-ne-propustite-ovaj-tretman-nakon-suncanja\/","og_site_name":"Aesthetica LongaVita - Anti Aging Centar za estetsku medicinu u Ni\u0161u","article_published_time":"2019-08-25T13:59:08+00:00","article_modified_time":"2023-04-12T14:29:37+00:00","og_image":[{"width":2500,"height":1737,"url":"https:\/\/www.aesthetica.rs\/wp-content\/uploads\/2019\/08\/naslovna.jpg","type":"image\/jpeg"}],"author":"aesthetica","twitter_card":"summary_large_image","twitter_misc":{"Written by":"aesthetica","Est. reading time":"2 \u043c\u0438\u043d\u0443\u0442\u0438"},"schema":{"@context":"https:\/\/schema.org","@graph":[{"@type":"Article","@id":"https:\/\/www.aesthetica.rs\/bg\/blog\/biohidratacija-ne-propustite-ovaj-tretman-nakon-suncanja\/#article","isPartOf":{"@id":"https:\/\/www.aesthetica.rs\/bg\/blog\/biohidratacija-ne-propustite-ovaj-tretman-nakon-suncanja\/"},"author":{"name":"aesthetica","@id":"https:\/\/www.aesthetica.rs\/#\/schema\/person\/8d07706c4879addb757c40ba262529d2"},"headline":"BIOHIDRATACIJA: Ne propustite ovaj tretman nakon sun\u010danja","datePublished":"2019-08-25T13:59:08+00:00","dateModified":"2023-04-12T14:29:37+00:00","mainEntityOfPage":{"@id":"https:\/\/www.aesthetica.rs\/bg\/blog\/biohidratacija-ne-propustite-ovaj-tretman-nakon-suncanja\/"},"wordCount":504,"commentCount":0,"image":{"@id":"https:\/\/www.aesthetica.rs\/bg\/blog\/biohidratacija-ne-propustite-ovaj-tretman-nakon-suncanja\/#primaryimage"},"thumbnailUrl":"https:\/\/www.aesthetica.rs\/wp-content\/uploads\/2019\/08\/naslovna.jpg","articleSection":["Anti Age","Blog"],"inLanguage":"bg-BG","potentialAction":[{"@type":"CommentAction","name":"Comment","target":["https:\/\/www.aesthetica.rs\/bg\/blog\/biohidratacija-ne-propustite-ovaj-tretman-nakon-suncanja\/#respond"]}]},{"@type":"WebPage","@id":"https:\/\/www.aesthetica.rs\/bg\/blog\/biohidratacija-ne-propustite-ovaj-tretman-nakon-suncanja\/","url":"https:\/\/www.aesthetica.rs\/bg\/blog\/biohidratacija-ne-propustite-ovaj-tretman-nakon-suncanja\/","name":"BIOHIDRATACIJA: Ne propustite ovaj tretman nakon sun\u010danja - Aesthetica LongaVita - Anti Aging Centar za estetsku medicinu u Ni\u0161u","isPartOf":{"@id":"https:\/\/www.aesthetica.rs\/#website"},"primaryImageOfPage":{"@id":"https:\/\/www.aesthetica.rs\/bg\/blog\/biohidratacija-ne-propustite-ovaj-tretman-nakon-suncanja\/#primaryimage"},"image":{"@id":"https:\/\/www.aesthetica.rs\/bg\/blog\/biohidratacija-ne-propustite-ovaj-tretman-nakon-suncanja\/#primaryimage"},"thumbnailUrl":"https:\/\/www.aesthetica.rs\/wp-content\/uploads\/2019\/08\/naslovna.jpg","datePublished":"2019-08-25T13:59:08+00:00","dateModified":"2023-04-12T14:29:37+00:00","author":{"@id":"https:\/\/www.aesthetica.rs\/#\/schema\/person\/8d07706c4879addb757c40ba262529d2"},"breadcrumb":{"@id":"https:\/\/www.aesthetica.rs\/bg\/blog\/biohidratacija-ne-propustite-ovaj-tretman-nakon-suncanja\/#breadcrumb"},"inLanguage":"bg-BG","potentialAction":[{"@type":"ReadAction","target":["https:\/\/www.aesthetica.rs\/bg\/blog\/biohidratacija-ne-propustite-ovaj-tretman-nakon-suncanja\/"]}]},{"@type":"ImageObject","inLanguage":"bg-BG","@id":"https:\/\/www.aesthetica.rs\/bg\/blog\/biohidratacija-ne-propustite-ovaj-tretman-nakon-suncanja\/#primaryimage","url":"https:\/\/www.aesthetica.rs\/wp-content\/uploads\/2019\/08\/naslovna.jpg","contentUrl":"https:\/\/www.aesthetica.rs\/wp-content\/uploads\/2019\/08\/naslovna.jpg","width":2500,"height":1737},{"@type":"BreadcrumbList","@id":"https:\/\/www.aesthetica.rs\/bg\/blog\/biohidratacija-ne-propustite-ovaj-tretman-nakon-suncanja\/#breadcrumb","itemListElement":[{"@type":"ListItem","position":1,"name":"\u041f\u043e\u0447\u0435\u0442\u043d\u0430","item":"https:\/\/www.aesthetica.rs\/"},{"@type":"ListItem","position":2,"name":"BIOHIDRATACIJA: Ne propustite ovaj tretman nakon sun\u010danja"}]},{"@type":"WebSite","@id":"https:\/\/www.aesthetica.rs\/#website","url":"https:\/\/www.aesthetica.rs\/","name":"Anti Aging Centar: estetska medicinu u Ni\u0161u - Aesthetica LongaVita","description":"","potentialAction":[{"@type":"SearchAction","target":{"@type":"EntryPoint","urlTemplate":"https:\/\/www.aesthetica.rs\/?s={search_term_string}"},"query-input":{"@type":"PropertyValueSpecification","valueRequired":true,"valueName":"search_term_string"}}],"inLanguage":"bg-BG"},{"@type":"Person","@id":"https:\/\/www.aesthetica.rs\/#\/schema\/person\/8d07706c4879addb757c40ba262529d2","name":"aesthetica","image":{"@type":"ImageObject","inLanguage":"bg-BG","@id":"https:\/\/secure.gravatar.com\/avatar\/?s=96&d=mm&r=g","url":"https:\/\/secure.gravatar.com\/avatar\/?s=96&d=mm&r=g","contentUrl":"https:\/\/secure.gravatar.com\/avatar\/?s=96&d=mm&r=g","caption":"aesthetica"},"url":"https:\/\/www.aesthetica.rs\/bg\/blog\/author\/aesthetica\/"}]}},"_links":{"self":[{"href":"https:\/\/www.aesthetica.rs\/bg\/wp-json\/wp\/v2\/posts\/2525","targetHints":{"allow":["GET"]}}],"collection":[{"href":"https:\/\/www.aesthetica.rs\/bg\/wp-json\/wp\/v2\/posts"}],"about":[{"href":"https:\/\/www.aesthetica.rs\/bg\/wp-json\/wp\/v2\/types\/post"}],"author":[{"embeddable":true,"href":"https:\/\/www.aesthetica.rs\/bg\/wp-json\/wp\/v2\/users\/2"}],"replies":[{"embeddable":true,"href":"https:\/\/www.aesthetica.rs\/bg\/wp-json\/wp\/v2\/comments?post=2525"}],"version-history":[{"count":1,"href":"https:\/\/www.aesthetica.rs\/bg\/wp-json\/wp\/v2\/posts\/2525\/revisions"}],"predecessor-version":[{"id":2618,"href":"https:\/\/www.aesthetica.rs\/bg\/wp-json\/wp\/v2\/posts\/2525\/revisions\/2618"}],"wp:featuredmedia":[{"embeddable":true,"href":"https:\/\/www.aesthetica.rs\/bg\/wp-json\/wp\/v2\/media\/2271"}],"wp:attachment":[{"href":"https:\/\/www.aesthetica.rs\/bg\/wp-json\/wp\/v2\/media?parent=2525"}],"wp:term":[{"taxonomy":"category","embeddable":true,"href":"https:\/\/www.aesthetica.rs\/bg\/wp-json\/wp\/v2\/categories?post=2525"},{"taxonomy":"post_tag","embeddable":true,"href":"https:\/\/www.aesthetica.rs\/bg\/wp-json\/wp\/v2\/tags?post=2525"}],"curies":[{"name":"wp","href":"https:\/\/api.w.org\/{rel}","templated":true}]}}