{"id":4421,"date":"2023-10-02T12:57:43","date_gmt":"2023-10-02T10:57:43","guid":{"rendered":"https:\/\/www.aesthetica.rs\/?p=4421"},"modified":"2023-10-02T13:02:30","modified_gmt":"2023-10-02T11:02:30","slug":"oktobar-mesec-u-znaku-reviderm-a","status":"publish","type":"post","link":"https:\/\/www.aesthetica.rs\/en\/blog\/oktobar-mesec-u-znaku-reviderm-a\/","title":{"rendered":"Oktobar mesec u znaku REVIDERM-a!"},"content":{"rendered":"<p><span style=\"font-weight: 400;\">Vreme je da se va\u0161a ko\u017ea potpuno oporavi od sunca i visokih temperatura.\u00a0<\/span><\/p>\n<p><span style=\"font-weight: 400;\">U oktobru mesecu, mo\u017eete u\u017eivati u slede\u0107im tretmanima po povoljnijim cenama:<\/span><\/p>\n<ol>\n<li>\n<h3><b> Reviderm Skin Needler terapija mikroiglicama\u00a0<\/b><\/h3>\n<\/li>\n<\/ol>\n<p><img fetchpriority=\"high\" decoding=\"async\" class=\"alignnone wp-image-4422\" src=\"https:\/\/www.aesthetica.rs\/wp-content\/uploads\/2023\/10\/FB-INSTA-007-300x300.jpg\" alt=\"\" width=\"270\" height=\"270\" srcset=\"https:\/\/www.aesthetica.rs\/wp-content\/uploads\/2023\/10\/FB-INSTA-007-300x300.jpg 300w, https:\/\/www.aesthetica.rs\/wp-content\/uploads\/2023\/10\/FB-INSTA-007-1024x1024.jpg 1024w, https:\/\/www.aesthetica.rs\/wp-content\/uploads\/2023\/10\/FB-INSTA-007-150x150.jpg 150w, https:\/\/www.aesthetica.rs\/wp-content\/uploads\/2023\/10\/FB-INSTA-007-768x768.jpg 768w, https:\/\/www.aesthetica.rs\/wp-content\/uploads\/2023\/10\/FB-INSTA-007-12x12.jpg 12w, https:\/\/www.aesthetica.rs\/wp-content\/uploads\/2023\/10\/FB-INSTA-007.jpg 1080w\" sizes=\"(max-width: 270px) 100vw, 270px\" \/><\/p>\n<p><span style=\"font-weight: 400;\">Trenutno najtra\u017eeniji antiaging tretman u Evropi. Ne\u017ean, prijatan, delotvoran.<\/span><\/p>\n<p><span style=\"font-weight: 400;\">Uspe\u0161no re\u0161ava:<\/span><\/p>\n<ul>\n<li style=\"font-weight: 400;\" aria-level=\"1\"><span style=\"font-weight: 400;\">bore na \u010delu, oko o\u010diju i usana<\/span><\/li>\n<li style=\"font-weight: 400;\" aria-level=\"1\"><span style=\"font-weight: 400;\">o\u0161te\u0107enja od sun\u010danja<\/span><\/li>\n<li style=\"font-weight: 400;\" aria-level=\"1\"><span style=\"font-weight: 400;\">manjak kolagena<\/span><\/li>\n<li style=\"font-weight: 400;\" aria-level=\"1\"><span style=\"font-weight: 400;\">opu\u0161tenu ko\u017eu<\/span><\/li>\n<\/ul>\n<p><strong>Kome je namenjen?<\/strong><\/p>\n<ul>\n<li style=\"font-weight: 400;\" aria-level=\"1\"><span style=\"font-weight: 400;\">\u017denama koje su ve\u0107 radile neke od antiaging metoda, poput hijaluron filera ili botoxa, te im je sada potreban manje invazivan tretman koji pobolj\u0161ava kvalitet ko\u017ee i pru\u017ea zdrav i ujedna\u010den ten.<\/span><\/li>\n<li style=\"font-weight: 400;\" aria-level=\"1\"><span style=\"font-weight: 400;\">\u017denama koje do sada nisu radile tretmane estetske medicine, ali su zainteresovane za manje invazivne metode podmla\u0111ivanja i nege ko\u017ee lica.<\/span><\/li>\n<\/ul>\n<p>&nbsp;<\/p>\n<p><b><i>Posebna pogodnost tokom oktobra<\/i><\/b><\/p>\n<p><span style=\"font-weight: 400;\">Ovog meseca, uz upla\u0107en tretman lica poklanjamo <\/span><b>dodatni tretman za vrat.<\/b><\/p>\n<ol start=\"2\">\n<li>\n<h3><b>R<\/b><b>eviderm Skin Peeler mikrodermoabrazija<\/b><\/h3>\n<\/li>\n<\/ol>\n<p><img decoding=\"async\" class=\"alignnone wp-image-4423\" src=\"https:\/\/www.aesthetica.rs\/wp-content\/uploads\/2023\/10\/FB-INSTA-008-300x300.jpg\" alt=\"\" width=\"243\" height=\"243\" srcset=\"https:\/\/www.aesthetica.rs\/wp-content\/uploads\/2023\/10\/FB-INSTA-008-300x300.jpg 300w, https:\/\/www.aesthetica.rs\/wp-content\/uploads\/2023\/10\/FB-INSTA-008-1024x1024.jpg 1024w, https:\/\/www.aesthetica.rs\/wp-content\/uploads\/2023\/10\/FB-INSTA-008-150x150.jpg 150w, https:\/\/www.aesthetica.rs\/wp-content\/uploads\/2023\/10\/FB-INSTA-008-768x768.jpg 768w, https:\/\/www.aesthetica.rs\/wp-content\/uploads\/2023\/10\/FB-INSTA-008-12x12.jpg 12w, https:\/\/www.aesthetica.rs\/wp-content\/uploads\/2023\/10\/FB-INSTA-008.jpg 1080w\" sizes=\"(max-width: 243px) 100vw, 243px\" \/><\/p>\n<p><span style=\"font-weight: 400;\">REVIDERM Skin Peeler mikrodermoabrazija pomo\u0107u toka kristala aluminijum oksida ne\u017eno, bezbolno i potpuno kontrolisano uklanja odumrle \u0107elije povr\u0161inskog nivoa ko\u017ee.\u00a0<\/span><\/p>\n<p><span style=\"font-weight: 400;\">Ovom metodom mo\u017ee se vrlo precizno odrediti do kog nivoa i koliko argesivno \u017eelimo pristupiti tretmanu, zbog toga su REVIDERM tretmani jedinstveni u svetu i godinama spadaju u top 5 brendova koji se bave profesionalnom dermokozmetikom.<\/span><\/p>\n<p><span style=\"font-weight: 400;\">Sam tretman je izuzetno prijatan, opu\u0161taju\u0107 i umiruju\u0107.<\/span><\/p>\n<p><span style=\"font-weight: 400;\">Ovaj tretman se primenjuje:<\/span><\/p>\n<ul>\n<li style=\"font-weight: 400;\" aria-level=\"1\"><span style=\"font-weight: 400;\">za regeneraciju ko\u017ee<\/span><\/li>\n<li style=\"font-weight: 400;\" aria-level=\"1\"><span style=\"font-weight: 400;\">kod problemati\u010dne ko\u017ee sklone aknama<\/span><\/li>\n<li style=\"font-weight: 400;\" aria-level=\"1\"><span style=\"font-weight: 400;\">kod o\u017eiljaka od akni i bora<\/span><\/li>\n<li style=\"font-weight: 400;\" aria-level=\"1\"><span style=\"font-weight: 400;\">kod hiperpigmentacije<\/span><\/li>\n<\/ul>\n<p><span style=\"font-weight: 400;\">Benefiti tretmana:<\/span><\/p>\n<ul>\n<li style=\"font-weight: 400;\" aria-level=\"1\"><span style=\"font-weight: 400;\">A fast and effective method of removing dead skin cells<\/span><\/li>\n<li style=\"font-weight: 400;\" aria-level=\"1\"><span style=\"font-weight: 400;\">Siguran i najefektniji na\u010din vra\u0107anja \u010disto\u0107e i mladala\u010dkog sjaja ko\u017ee<\/span><\/li>\n<li style=\"font-weight: 400;\" aria-level=\"1\"><span style=\"font-weight: 400;\">Visible results already after the first treatment<\/span><\/li>\n<li style=\"font-weight: 400;\" aria-level=\"1\"><span style=\"font-weight: 400;\">Re\u0161avanje ozbiljnijih problema s ko\u017eom redovnim dolascima na tretmane<\/span><\/li>\n<\/ul>\n<p><b><i>Preporuka<\/i><\/b><\/p>\n<p><span style=\"font-weight: 400;\">Uz tretman mikrodermoabrazije posebno se preporu\u010duje i ultrazvu\u010dni tretman za regeneraciju ko\u017ee, koji dodatno umiruje ko\u017eu i omogu\u0107ava da aktivni sastojci prodru u njene dublje slojeve.<\/span><\/p>\n<p>&nbsp;<\/p>\n<p><b><i>Posebna pogodnost tokom oktobra<\/i><\/b><\/p>\n<p><span style=\"font-weight: 400;\">Uz Reviderm Skin Peeler mikrodermoabraziju i ovog meseca poklanjamo <\/span><b>ultrazvu\u010dni tretman za regeneraciju ko\u017ee.<\/b><\/p>\n<ol start=\"3\">\n<li>\n<h3><b> Reviderm HYDROLAGE tretman &#8211; kolagen maska<\/b><\/h3>\n<\/li>\n<\/ol>\n<p><img decoding=\"async\" class=\"alignnone wp-image-4424\" src=\"https:\/\/www.aesthetica.rs\/wp-content\/uploads\/2023\/10\/FB-INSTA-009-300x300.jpg\" alt=\"\" width=\"288\" height=\"288\" srcset=\"https:\/\/www.aesthetica.rs\/wp-content\/uploads\/2023\/10\/FB-INSTA-009-300x300.jpg 300w, https:\/\/www.aesthetica.rs\/wp-content\/uploads\/2023\/10\/FB-INSTA-009-1024x1024.jpg 1024w, https:\/\/www.aesthetica.rs\/wp-content\/uploads\/2023\/10\/FB-INSTA-009-150x150.jpg 150w, https:\/\/www.aesthetica.rs\/wp-content\/uploads\/2023\/10\/FB-INSTA-009-768x768.jpg 768w, https:\/\/www.aesthetica.rs\/wp-content\/uploads\/2023\/10\/FB-INSTA-009-12x12.jpg 12w, https:\/\/www.aesthetica.rs\/wp-content\/uploads\/2023\/10\/FB-INSTA-009.jpg 1080w\" sizes=\"(max-width: 288px) 100vw, 288px\" \/><\/p>\n<p><span style=\"font-weight: 400;\">Ovim fantasti\u010dnim tretmanom <strong>posti\u017ee se efekat dubinske hidratacije<\/strong>. Zahvaljuju\u0107i kolagenskim trakicama i gipsu preko kojih se nanosi Reviderm booster, aktivni agensi prodiru duboko u ko\u017eu.\u00a0<\/span><\/p>\n<p><span style=\"font-weight: 400;\">Namenjen je svakom tipu ko\u017ee jer se maska pravi prema individualnom protokolu za svaku pacijentkinju, a ko\u017ea se pre tretmana temeljno \u010disti i pilinguje namenskim Reviderm preparatima.<\/span><\/p>\n<p><span style=\"font-weight: 400;\">Ovaj tretman pru\u017ea prirodan lifting efekat jer zate\u017ee vezivno tkivo. Nakon tretmana, ko\u017ea je osve\u017eena, jedra i zategnuta. Pripremljenu masku dobijate i za ku\u0107nu negu, kako biste tretman ponovili kod ku\u0107e.\u00a0<\/span><\/p>\n<p><span style=\"font-weight: 400;\">Benefiti tretmana:<\/span><\/p>\n<ul>\n<li style=\"font-weight: 400;\" aria-level=\"1\"><span style=\"font-weight: 400;\">Regeneracija ko\u017ee i zatezanje vezivnog tkiva kroz prodiranje kolagenskih peptida i molekula za prirodni lifting efekat<\/span><\/li>\n<li style=\"font-weight: 400;\" aria-level=\"1\"><span style=\"font-weight: 400;\">Efekat liftinga formiranjem \u201cvla\u017ene komore\u201d uz gipsanu kompresu\u00a0<\/span><\/li>\n<li style=\"font-weight: 400;\" aria-level=\"1\"><span style=\"font-weight: 400;\">Anti-iritacijski efekat &#8211; umiruje nadra\u017eenu ko\u017eu<\/span><\/li>\n<\/ul>\n<p>&nbsp;<\/p>\n<p><b><i>Posebna pogodnost tokom oktobra<\/i><\/b><\/p>\n<p><span style=\"font-weight: 400;\">Uz Hydrolage tretman poklanjamo<\/span><b> masa\u017eu \u0161aka sa posebnim pakovanjem za dubinsku hidrataciju i negu.<\/b><\/p>","protected":false},"excerpt":{"rendered":"<p>Vreme je da se va\u0161a ko\u017ea potpuno oporavi od sunca i visokih temperatura.\u00a0 U oktobru mesecu, mo\u017eete u\u017eivati u slede\u0107im tretmanima po povoljnijim cenama: Reviderm Skin Needler terapija mikroiglicama\u00a0 Trenutno najtra\u017eeniji antiaging tretman u Evropi. Ne\u017ean, prijatan, delotvoran. Uspe\u0161no re\u0161ava: bore na \u010delu, oko o\u010diju i usana o\u0161te\u0107enja od sun\u010danja manjak kolagena opu\u0161tenu ko\u017eu Kome [&hellip;]<\/p>\n","protected":false},"author":5,"featured_media":4425,"comment_status":"open","ping_status":"open","sticky":false,"template":"","format":"standard","meta":{"footnotes":""},"categories":[16],"tags":[59,188,191,187,189,190],"class_list":["post-4421","post","type-post","status-publish","format-standard","has-post-thumbnail","hentry","category-akcije","tag-aesthetica","tag-akcije-meseca","tag-duboka-hidratacija","tag-longa-vita-aesthetica","tag-pogodnosti-meseca-oktobra","tag-regeneracija-koze"],"yoast_head":"<!-- This site is optimized with the Yoast SEO plugin v27.5 - https:\/\/yoast.com\/product\/yoast-seo-wordpress\/ -->\n<title>Oktobar mesec u znaku REVIDERM-a! - Aesthetica LongaVita - Anti Aging Centar za estetsku medicinu u Ni\u0161u<\/title>\n<meta name=\"description\" content=\"Vreme je da se va\u0161a ko\u017ea potpuno oporavi od sunca i visokih temperatura.\u00a0Pogledajte koji vam tretmani u tome mogu pomo\u0107i.\" \/>\n<meta name=\"robots\" content=\"index, follow, max-snippet:-1, max-image-preview:large, max-video-preview:-1\" \/>\n<link rel=\"canonical\" href=\"https:\/\/www.aesthetica.rs\/en\/blog\/oktobar-mesec-u-znaku-reviderm-a\/\" \/>\n<meta property=\"og:locale\" content=\"en_US\" \/>\n<meta property=\"og:type\" content=\"article\" \/>\n<meta property=\"og:title\" content=\"Oktobar mesec u znaku REVIDERM-a! - Aesthetica LongaVita - Anti Aging Centar za estetsku medicinu u Ni\u0161u\" \/>\n<meta property=\"og:description\" content=\"Vreme je da se va\u0161a ko\u017ea potpuno oporavi od sunca i visokih temperatura.\u00a0Pogledajte koji vam tretmani u tome mogu pomo\u0107i.\" \/>\n<meta property=\"og:url\" content=\"https:\/\/www.aesthetica.rs\/en\/blog\/oktobar-mesec-u-znaku-reviderm-a\/\" \/>\n<meta property=\"og:site_name\" content=\"Aesthetica LongaVita - Anti Aging Centar za estetsku medicinu u Ni\u0161u\" \/>\n<meta property=\"article:published_time\" content=\"2023-10-02T10:57:43+00:00\" \/>\n<meta property=\"article:modified_time\" content=\"2023-10-02T11:02:30+00:00\" \/>\n<meta property=\"og:image\" content=\"https:\/\/www.aesthetica.rs\/wp-content\/uploads\/2023\/10\/LV_blog_01.jpg\" \/>\n\t<meta property=\"og:image:width\" content=\"1080\" \/>\n\t<meta property=\"og:image:height\" content=\"1080\" \/>\n\t<meta property=\"og:image:type\" content=\"image\/jpeg\" \/>\n<meta name=\"author\" content=\"Aesthetica\" \/>\n<meta name=\"twitter:card\" content=\"summary_large_image\" \/>\n<meta name=\"twitter:label1\" content=\"Written by\" \/>\n\t<meta name=\"twitter:data1\" content=\"Aesthetica\" \/>\n\t<meta name=\"twitter:label2\" content=\"Est. reading time\" \/>\n\t<meta name=\"twitter:data2\" content=\"3 minutes\" \/>\n<script type=\"application\/ld+json\" class=\"yoast-schema-graph\">{\"@context\":\"https:\\\/\\\/schema.org\",\"@graph\":[{\"@type\":\"Article\",\"@id\":\"https:\\\/\\\/www.aesthetica.rs\\\/blog\\\/oktobar-mesec-u-znaku-reviderm-a\\\/#article\",\"isPartOf\":{\"@id\":\"https:\\\/\\\/www.aesthetica.rs\\\/blog\\\/oktobar-mesec-u-znaku-reviderm-a\\\/\"},\"author\":{\"name\":\"Aesthetica\",\"@id\":\"https:\\\/\\\/www.aesthetica.rs\\\/#\\\/schema\\\/person\\\/269c8b8d3da93a2ae4b370604f8f04fe\"},\"headline\":\"Oktobar mesec u znaku REVIDERM-a!\",\"datePublished\":\"2023-10-02T10:57:43+00:00\",\"dateModified\":\"2023-10-02T11:02:30+00:00\",\"mainEntityOfPage\":{\"@id\":\"https:\\\/\\\/www.aesthetica.rs\\\/blog\\\/oktobar-mesec-u-znaku-reviderm-a\\\/\"},\"wordCount\":504,\"commentCount\":0,\"image\":{\"@id\":\"https:\\\/\\\/www.aesthetica.rs\\\/blog\\\/oktobar-mesec-u-znaku-reviderm-a\\\/#primaryimage\"},\"thumbnailUrl\":\"https:\\\/\\\/www.aesthetica.rs\\\/wp-content\\\/uploads\\\/2023\\\/10\\\/LV_blog_01.jpg\",\"keywords\":[\"aesthetica\",\"akcije meseca\",\"duboka hidratacija\",\"longa vita aesthetica\",\"pogodnosti meseca oktobra\",\"regeneracija ko\u017ee\"],\"articleSection\":[\"Akcije\"],\"inLanguage\":\"en-US\",\"potentialAction\":[{\"@type\":\"CommentAction\",\"name\":\"Comment\",\"target\":[\"https:\\\/\\\/www.aesthetica.rs\\\/blog\\\/oktobar-mesec-u-znaku-reviderm-a\\\/#respond\"]}]},{\"@type\":\"WebPage\",\"@id\":\"https:\\\/\\\/www.aesthetica.rs\\\/blog\\\/oktobar-mesec-u-znaku-reviderm-a\\\/\",\"url\":\"https:\\\/\\\/www.aesthetica.rs\\\/blog\\\/oktobar-mesec-u-znaku-reviderm-a\\\/\",\"name\":\"Oktobar mesec u znaku REVIDERM-a! - Aesthetica LongaVita - Anti Aging Centar za estetsku medicinu u Ni\u0161u\",\"isPartOf\":{\"@id\":\"https:\\\/\\\/www.aesthetica.rs\\\/#website\"},\"primaryImageOfPage\":{\"@id\":\"https:\\\/\\\/www.aesthetica.rs\\\/blog\\\/oktobar-mesec-u-znaku-reviderm-a\\\/#primaryimage\"},\"image\":{\"@id\":\"https:\\\/\\\/www.aesthetica.rs\\\/blog\\\/oktobar-mesec-u-znaku-reviderm-a\\\/#primaryimage\"},\"thumbnailUrl\":\"https:\\\/\\\/www.aesthetica.rs\\\/wp-content\\\/uploads\\\/2023\\\/10\\\/LV_blog_01.jpg\",\"datePublished\":\"2023-10-02T10:57:43+00:00\",\"dateModified\":\"2023-10-02T11:02:30+00:00\",\"author\":{\"@id\":\"https:\\\/\\\/www.aesthetica.rs\\\/#\\\/schema\\\/person\\\/269c8b8d3da93a2ae4b370604f8f04fe\"},\"description\":\"Vreme je da se va\u0161a ko\u017ea potpuno oporavi od sunca i visokih temperatura.\u00a0Pogledajte koji vam tretmani u tome mogu pomo\u0107i.\",\"breadcrumb\":{\"@id\":\"https:\\\/\\\/www.aesthetica.rs\\\/blog\\\/oktobar-mesec-u-znaku-reviderm-a\\\/#breadcrumb\"},\"inLanguage\":\"en-US\",\"potentialAction\":[{\"@type\":\"ReadAction\",\"target\":[\"https:\\\/\\\/www.aesthetica.rs\\\/blog\\\/oktobar-mesec-u-znaku-reviderm-a\\\/\"]}]},{\"@type\":\"ImageObject\",\"inLanguage\":\"en-US\",\"@id\":\"https:\\\/\\\/www.aesthetica.rs\\\/blog\\\/oktobar-mesec-u-znaku-reviderm-a\\\/#primaryimage\",\"url\":\"https:\\\/\\\/www.aesthetica.rs\\\/wp-content\\\/uploads\\\/2023\\\/10\\\/LV_blog_01.jpg\",\"contentUrl\":\"https:\\\/\\\/www.aesthetica.rs\\\/wp-content\\\/uploads\\\/2023\\\/10\\\/LV_blog_01.jpg\",\"width\":1080,\"height\":1080},{\"@type\":\"BreadcrumbList\",\"@id\":\"https:\\\/\\\/www.aesthetica.rs\\\/blog\\\/oktobar-mesec-u-znaku-reviderm-a\\\/#breadcrumb\",\"itemListElement\":[{\"@type\":\"ListItem\",\"position\":1,\"name\":\"\u041f\u043e\u0447\u0435\u0442\u043d\u0430\",\"item\":\"https:\\\/\\\/www.aesthetica.rs\\\/\"},{\"@type\":\"ListItem\",\"position\":2,\"name\":\"Oktobar mesec u znaku REVIDERM-a!\"}]},{\"@type\":\"WebSite\",\"@id\":\"https:\\\/\\\/www.aesthetica.rs\\\/#website\",\"url\":\"https:\\\/\\\/www.aesthetica.rs\\\/\",\"name\":\"Anti Aging Centar: estetska medicinu u Ni\u0161u - Aesthetica LongaVita\",\"description\":\"\",\"potentialAction\":[{\"@type\":\"SearchAction\",\"target\":{\"@type\":\"EntryPoint\",\"urlTemplate\":\"https:\\\/\\\/www.aesthetica.rs\\\/?s={search_term_string}\"},\"query-input\":{\"@type\":\"PropertyValueSpecification\",\"valueRequired\":true,\"valueName\":\"search_term_string\"}}],\"inLanguage\":\"en-US\"},{\"@type\":\"Person\",\"@id\":\"https:\\\/\\\/www.aesthetica.rs\\\/#\\\/schema\\\/person\\\/269c8b8d3da93a2ae4b370604f8f04fe\",\"name\":\"Aesthetica\",\"image\":{\"@type\":\"ImageObject\",\"inLanguage\":\"en-US\",\"@id\":\"https:\\\/\\\/secure.gravatar.com\\\/avatar\\\/86009251f13d5d5d2de9fe90173fe49d50e7bd9972fcf95975bb08a2920302b5?s=96&d=mm&r=g\",\"url\":\"https:\\\/\\\/secure.gravatar.com\\\/avatar\\\/86009251f13d5d5d2de9fe90173fe49d50e7bd9972fcf95975bb08a2920302b5?s=96&d=mm&r=g\",\"contentUrl\":\"https:\\\/\\\/secure.gravatar.com\\\/avatar\\\/86009251f13d5d5d2de9fe90173fe49d50e7bd9972fcf95975bb08a2920302b5?s=96&d=mm&r=g\",\"caption\":\"Aesthetica\"},\"url\":\"https:\\\/\\\/www.aesthetica.rs\\\/en\\\/blog\\\/author\\\/advercity\\\/\"}]}<\/script>\n<!-- \/ Yoast SEO plugin. -->","yoast_head_json":{"title":"Oktobar mesec u znaku REVIDERM-a! - Aesthetica LongaVita - Anti Aging Centar za estetsku medicinu u Ni\u0161u","description":"Vreme je da se va\u0161a ko\u017ea potpuno oporavi od sunca i visokih temperatura.\u00a0Pogledajte koji vam tretmani u tome mogu pomo\u0107i.","robots":{"index":"index","follow":"follow","max-snippet":"max-snippet:-1","max-image-preview":"max-image-preview:large","max-video-preview":"max-video-preview:-1"},"canonical":"https:\/\/www.aesthetica.rs\/en\/blog\/oktobar-mesec-u-znaku-reviderm-a\/","og_locale":"en_US","og_type":"article","og_title":"Oktobar mesec u znaku REVIDERM-a! - Aesthetica LongaVita - Anti Aging Centar za estetsku medicinu u Ni\u0161u","og_description":"Vreme je da se va\u0161a ko\u017ea potpuno oporavi od sunca i visokih temperatura.\u00a0Pogledajte koji vam tretmani u tome mogu pomo\u0107i.","og_url":"https:\/\/www.aesthetica.rs\/en\/blog\/oktobar-mesec-u-znaku-reviderm-a\/","og_site_name":"Aesthetica LongaVita - Anti Aging Centar za estetsku medicinu u Ni\u0161u","article_published_time":"2023-10-02T10:57:43+00:00","article_modified_time":"2023-10-02T11:02:30+00:00","og_image":[{"width":1080,"height":1080,"url":"https:\/\/www.aesthetica.rs\/wp-content\/uploads\/2023\/10\/LV_blog_01.jpg","type":"image\/jpeg"}],"author":"Aesthetica","twitter_card":"summary_large_image","twitter_misc":{"Written by":"Aesthetica","Est. reading time":"3 minutes"},"schema":{"@context":"https:\/\/schema.org","@graph":[{"@type":"Article","@id":"https:\/\/www.aesthetica.rs\/blog\/oktobar-mesec-u-znaku-reviderm-a\/#article","isPartOf":{"@id":"https:\/\/www.aesthetica.rs\/blog\/oktobar-mesec-u-znaku-reviderm-a\/"},"author":{"name":"Aesthetica","@id":"https:\/\/www.aesthetica.rs\/#\/schema\/person\/269c8b8d3da93a2ae4b370604f8f04fe"},"headline":"Oktobar mesec u znaku REVIDERM-a!","datePublished":"2023-10-02T10:57:43+00:00","dateModified":"2023-10-02T11:02:30+00:00","mainEntityOfPage":{"@id":"https:\/\/www.aesthetica.rs\/blog\/oktobar-mesec-u-znaku-reviderm-a\/"},"wordCount":504,"commentCount":0,"image":{"@id":"https:\/\/www.aesthetica.rs\/blog\/oktobar-mesec-u-znaku-reviderm-a\/#primaryimage"},"thumbnailUrl":"https:\/\/www.aesthetica.rs\/wp-content\/uploads\/2023\/10\/LV_blog_01.jpg","keywords":["aesthetica","akcije meseca","duboka hidratacija","longa vita aesthetica","pogodnosti meseca oktobra","regeneracija ko\u017ee"],"articleSection":["Akcije"],"inLanguage":"en-US","potentialAction":[{"@type":"CommentAction","name":"Comment","target":["https:\/\/www.aesthetica.rs\/blog\/oktobar-mesec-u-znaku-reviderm-a\/#respond"]}]},{"@type":"WebPage","@id":"https:\/\/www.aesthetica.rs\/blog\/oktobar-mesec-u-znaku-reviderm-a\/","url":"https:\/\/www.aesthetica.rs\/blog\/oktobar-mesec-u-znaku-reviderm-a\/","name":"Oktobar mesec u znaku REVIDERM-a! - Aesthetica LongaVita - Anti Aging Centar za estetsku medicinu u Ni\u0161u","isPartOf":{"@id":"https:\/\/www.aesthetica.rs\/#website"},"primaryImageOfPage":{"@id":"https:\/\/www.aesthetica.rs\/blog\/oktobar-mesec-u-znaku-reviderm-a\/#primaryimage"},"image":{"@id":"https:\/\/www.aesthetica.rs\/blog\/oktobar-mesec-u-znaku-reviderm-a\/#primaryimage"},"thumbnailUrl":"https:\/\/www.aesthetica.rs\/wp-content\/uploads\/2023\/10\/LV_blog_01.jpg","datePublished":"2023-10-02T10:57:43+00:00","dateModified":"2023-10-02T11:02:30+00:00","author":{"@id":"https:\/\/www.aesthetica.rs\/#\/schema\/person\/269c8b8d3da93a2ae4b370604f8f04fe"},"description":"Vreme je da se va\u0161a ko\u017ea potpuno oporavi od sunca i visokih temperatura.\u00a0Pogledajte koji vam tretmani u tome mogu pomo\u0107i.","breadcrumb":{"@id":"https:\/\/www.aesthetica.rs\/blog\/oktobar-mesec-u-znaku-reviderm-a\/#breadcrumb"},"inLanguage":"en-US","potentialAction":[{"@type":"ReadAction","target":["https:\/\/www.aesthetica.rs\/blog\/oktobar-mesec-u-znaku-reviderm-a\/"]}]},{"@type":"ImageObject","inLanguage":"en-US","@id":"https:\/\/www.aesthetica.rs\/blog\/oktobar-mesec-u-znaku-reviderm-a\/#primaryimage","url":"https:\/\/www.aesthetica.rs\/wp-content\/uploads\/2023\/10\/LV_blog_01.jpg","contentUrl":"https:\/\/www.aesthetica.rs\/wp-content\/uploads\/2023\/10\/LV_blog_01.jpg","width":1080,"height":1080},{"@type":"BreadcrumbList","@id":"https:\/\/www.aesthetica.rs\/blog\/oktobar-mesec-u-znaku-reviderm-a\/#breadcrumb","itemListElement":[{"@type":"ListItem","position":1,"name":"\u041f\u043e\u0447\u0435\u0442\u043d\u0430","item":"https:\/\/www.aesthetica.rs\/"},{"@type":"ListItem","position":2,"name":"Oktobar mesec u znaku REVIDERM-a!"}]},{"@type":"WebSite","@id":"https:\/\/www.aesthetica.rs\/#website","url":"https:\/\/www.aesthetica.rs\/","name":"Anti Aging Centar: estetska medicinu u Ni\u0161u - Aesthetica LongaVita","description":"","potentialAction":[{"@type":"SearchAction","target":{"@type":"EntryPoint","urlTemplate":"https:\/\/www.aesthetica.rs\/?s={search_term_string}"},"query-input":{"@type":"PropertyValueSpecification","valueRequired":true,"valueName":"search_term_string"}}],"inLanguage":"en-US"},{"@type":"Person","@id":"https:\/\/www.aesthetica.rs\/#\/schema\/person\/269c8b8d3da93a2ae4b370604f8f04fe","name":"Aesthetica","image":{"@type":"ImageObject","inLanguage":"en-US","@id":"https:\/\/secure.gravatar.com\/avatar\/86009251f13d5d5d2de9fe90173fe49d50e7bd9972fcf95975bb08a2920302b5?s=96&d=mm&r=g","url":"https:\/\/secure.gravatar.com\/avatar\/86009251f13d5d5d2de9fe90173fe49d50e7bd9972fcf95975bb08a2920302b5?s=96&d=mm&r=g","contentUrl":"https:\/\/secure.gravatar.com\/avatar\/86009251f13d5d5d2de9fe90173fe49d50e7bd9972fcf95975bb08a2920302b5?s=96&d=mm&r=g","caption":"Aesthetica"},"url":"https:\/\/www.aesthetica.rs\/en\/blog\/author\/advercity\/"}]}},"_links":{"self":[{"href":"https:\/\/www.aesthetica.rs\/en\/wp-json\/wp\/v2\/posts\/4421","targetHints":{"allow":["GET"]}}],"collection":[{"href":"https:\/\/www.aesthetica.rs\/en\/wp-json\/wp\/v2\/posts"}],"about":[{"href":"https:\/\/www.aesthetica.rs\/en\/wp-json\/wp\/v2\/types\/post"}],"author":[{"embeddable":true,"href":"https:\/\/www.aesthetica.rs\/en\/wp-json\/wp\/v2\/users\/5"}],"replies":[{"embeddable":true,"href":"https:\/\/www.aesthetica.rs\/en\/wp-json\/wp\/v2\/comments?post=4421"}],"version-history":[{"count":3,"href":"https:\/\/www.aesthetica.rs\/en\/wp-json\/wp\/v2\/posts\/4421\/revisions"}],"predecessor-version":[{"id":4428,"href":"https:\/\/www.aesthetica.rs\/en\/wp-json\/wp\/v2\/posts\/4421\/revisions\/4428"}],"wp:featuredmedia":[{"embeddable":true,"href":"https:\/\/www.aesthetica.rs\/en\/wp-json\/wp\/v2\/media\/4425"}],"wp:attachment":[{"href":"https:\/\/www.aesthetica.rs\/en\/wp-json\/wp\/v2\/media?parent=4421"}],"wp:term":[{"taxonomy":"category","embeddable":true,"href":"https:\/\/www.aesthetica.rs\/en\/wp-json\/wp\/v2\/categories?post=4421"},{"taxonomy":"post_tag","embeddable":true,"href":"https:\/\/www.aesthetica.rs\/en\/wp-json\/wp\/v2\/tags?post=4421"}],"curies":[{"name":"wp","href":"https:\/\/api.w.org\/{rel}","templated":true}]}}